{"id":8784,"date":"2023-10-13T10:01:09","date_gmt":"2023-10-13T10:01:09","guid":{"rendered":"https:\/\/www.berghem.nl\/?p=8784"},"modified":"2025-11-27T16:07:09","modified_gmt":"2025-11-27T15:07:09","slug":"muzikaal-jubileum-en-reunie","status":"publish","type":"post","link":"https:\/\/www.berghem.nl\/index.php\/2023\/10\/13\/muzikaal-jubileum-en-reunie\/","title":{"rendered":"MUZIKAAL\u00a0 JUBILEUM\u00a0\u00a0 en\u00a0\u00a0 RE\u00dcNIE\u00a0\u00a0"},"content":{"rendered":"\n<p>2023 Is voor ons een jubileumjaar : in 1933 werd onze vereniging opgericht, en dus bestaan we nu 90 jaar.\u00a0 We zijn gestart als fanfare Concordia, later omgebouwd tot harmonie, en sinds enkele jaren zijn we een \u2018brede\u2019 muziekvereniging. We willen \u201chet\u201d muzikale anker zijn voor iedere muzikant in Berghem. Momenteel hebben we diverse muziekgroepen : het harmonieorkest, de slagwerkgroep, het studieorkest Gruppo Muzikalo, het Bergs Koor, het Ensemble, en het klarinet-kwartet.<br>Bij een verjaardag hoort een feest !\u00a0\u00a0\u00a0\u00a0En op dat feest is iedereen welkom. <br>Op zondagmiddag 5 november vindt vanaf 14:00 uur ons\u00a0<strong>Muzikaal Jubileum<\/strong>\u00a0plaats in Zalencentrum De Merx. Iedereen is welkom, zeker de inwoners van Berghem. Er zullen mini-concerten worden gegeven door onze muziekgroepen . Oud-leden kunnen komen om te buurten (<strong>re\u00fcnie<\/strong>), maar wellicht vinden zij het uitdagender om weer eens mee te spelen\u2026\u2026\u00a0 Re\u00fcnisten s.v.p aanmelden via  muziekverenigingberghem.nl. De entree is gratis.\u00a0 Mocht u een donatie willen doen, dan kan dat in onze oude vertrouwde \u2018collecte-trommel\u2019\u00a0\u00a0 Zondagmiddag 5 november wordt een combinatie van muziek en gezellig buurten. Het is een informeel samenzijn, g\u00e9\u00e9n receptie, en g\u00e9\u00e9n toespraken.\u00a0 Op de poster staat 17:00 als eindtijd, maar langer blijven mag zeker (wij doen dat in ieder geval)\u00a0<br>Tot 5 november,<br>Houdoe, \u00a0\u00a0\u00a0\u00a0\u00a0\u00a0\u00a0\u00a0\u00a0\u00a0\u00a0\u00a0\u00a0 Muziekvereniging Berghem <br><br>Als je wilt komen als re\u00fcnie-bezoeker en\/of als mede-muzikant , meld je dan aan<br>OF via de link\u00a0<a rel=\"noreferrer noopener\" href=\"https:\/\/forms.office.com\/r\/ng8Wa1JwS2\" target=\"_blank\">https:\/\/forms.office.com\/r\/ng8Wa1JwS2<\/a><br>OF via onze website\u00a0<a rel=\"noreferrer noopener\" href=\"https:\/\/www.muziekverenigingberghem.nl\/\" target=\"_blank\">https:\/\/www.muziekverenigingberghem.nl\/<\/a><br><br><\/p>\n\n\n\n<p><br><br><\/p>\n","protected":false},"excerpt":{"rendered":"<p>2023 Is voor ons een jubileumjaar : in 1933 werd onze vereniging opgericht, en dus bestaan we nu 90 jaar.\u00a0 We zijn gestart als fanfare Concordia, later omgebouwd tot harmonie,&hellip;<\/p>\n","protected":false},"author":2,"featured_media":8785,"comment_status":"closed","ping_status":"closed","sticky":false,"template":"","format":"standard","meta":{"footnotes":""},"categories":[1],"tags":[],"class_list":["post-8784","post","type-post","status-publish","format-standard","has-post-thumbnail","hentry","category-diversen"],"_links":{"self":[{"href":"https:\/\/www.berghem.nl\/index.php\/wp-json\/wp\/v2\/posts\/8784","targetHints":{"allow":["GET"]}}],"collection":[{"href":"https:\/\/www.berghem.nl\/index.php\/wp-json\/wp\/v2\/posts"}],"about":[{"href":"https:\/\/www.berghem.nl\/index.php\/wp-json\/wp\/v2\/types\/post"}],"author":[{"embeddable":true,"href":"https:\/\/www.berghem.nl\/index.php\/wp-json\/wp\/v2\/users\/2"}],"replies":[{"embeddable":true,"href":"https:\/\/www.berghem.nl\/index.php\/wp-json\/wp\/v2\/comments?post=8784"}],"version-history":[{"count":1,"href":"https:\/\/www.berghem.nl\/index.php\/wp-json\/wp\/v2\/posts\/8784\/revisions"}],"predecessor-version":[{"id":8786,"href":"https:\/\/www.berghem.nl\/index.php\/wp-json\/wp\/v2\/posts\/8784\/revisions\/8786"}],"wp:featuredmedia":[{"embeddable":true,"href":"https:\/\/www.berghem.nl\/index.php\/wp-json\/wp\/v2\/media\/8785"}],"wp:attachment":[{"href":"https:\/\/www.berghem.nl\/index.php\/wp-json\/wp\/v2\/media?parent=8784"}],"wp:term":[{"taxonomy":"category","embeddable":true,"href":"https:\/\/www.berghem.nl\/index.php\/wp-json\/wp\/v2\/categories?post=8784"},{"taxonomy":"post_tag","embeddable":true,"href":"https:\/\/www.berghem.nl\/index.php\/wp-json\/wp\/v2\/tags?post=8784"}],"curies":[{"name":"wp","href":"https:\/\/api.w.org\/{rel}","templated":true}]}}